{"id":3793,"date":"2022-03-15T10:23:50","date_gmt":"2022-03-15T15:23:50","guid":{"rendered":"https:\/\/rygsac.com\/?p=3793"},"modified":"2022-04-02T09:46:19","modified_gmt":"2022-04-02T14:46:19","slug":"equipo-de-proteccion-personal-que-es","status":"publish","type":"post","link":"https:\/\/rygsac.com\/en\/equipo-de-proteccion-personal-que-es\/","title":{"rendered":"Equipo de protecci\u00f3n personal: \u00bfqu\u00e9 es y para qu\u00e9 sirve?"},"content":{"rendered":"<p><span style=\"font-weight: 400;\">El <strong>equipo de protecci\u00f3n personal<\/strong> permite que los colaboradores se encuentren resguardados ante diversos peligros. \u00bfCu\u00e1les son los m\u00e1s importantes?<\/span><\/p>\n<p><span style=\"font-weight: 400;\">Los infortunios se han convertido en un serio problema para las organizaciones. Seg\u00fan el <\/span><a href=\"https:\/\/cdn.www.gob.pe\/uploads\/document\/file\/2767265\/Bolet%C3%ADn%20Notificaciones%20OCTUBRE%202021.pdf\" target=\"_blank\" rel=\"noopener\"><span style=\"font-weight: 400;\">Ministerio de Trabajo y Promoci\u00f3n del Empleo<\/span><\/a><span style=\"font-weight: 400;\"> (MTPE), hasta octubre de 2021 se han registrado 22 441 notificaciones de accidentes de trabajo y 219 de enfermedades ocupacionales.\u00a0<\/span><\/p>\n<p><span style=\"font-weight: 400;\">Para evitar estas y otras adversidades, las empresas necesitan proporcionarles a sus colaboradores el <\/span><b>equipo de protecci\u00f3n personal<\/b><span style=\"font-weight: 400;\"> adecuado y acorde a la labor que realizan. Pero, \u00bfcu\u00e1les son los m\u00e1s importantes? En R&amp;G te decimos cu\u00e1les son.<\/span><\/p>\n<h2><b>\u00bfQu\u00e9 es un equipo de protecci\u00f3n personal?\u00a0<\/b><\/h2>\n<p><span style=\"font-weight: 400;\">Un <\/span><b>equipo\u00a0 de protecci\u00f3n personal<\/b><span style=\"font-weight: 400;\"> (EPP) es toda indumentaria dise\u00f1ada para proteger a las personas de los peligros qu\u00edmicos, f\u00edsicos y biol\u00f3gicos a los que est\u00e1n expuestos en su lugar de trabajo.<\/span><\/p>\n<h2><b>\u00bfPara qu\u00e9 sirve un equipo de protecci\u00f3n personal?<\/b><\/h2>\n<p><span style=\"font-weight: 400;\">El <\/span><b>equipo de protecci\u00f3n personal<\/b><span style=\"font-weight: 400;\"> es utilizado para prevenir lesiones, enfermedades y muertes ocupacionales. Entre sus principales beneficios, podemos mencionar a los siguientes:\u00a0\u00a0<\/span><\/p>\n<ul>\n<li style=\"font-weight: 400;\" aria-level=\"1\"><span style=\"font-weight: 400;\">Previene la propagaci\u00f3n de bacterias y enfermedades infecciosas, como la COVID-19.\u00a0<\/span><\/li>\n<li style=\"font-weight: 400;\" aria-level=\"1\"><span style=\"font-weight: 400;\">Reduce el riesgo de sufrir lesiones innecesarias en el lugar de trabajo.\u00a0<\/span><\/li>\n<li style=\"font-weight: 400;\" aria-level=\"1\"><span style=\"font-weight: 400;\">Protege a los colaboradores de la exposici\u00f3n excesiva a sustancias qu\u00edmicas.<\/span><\/li>\n<li style=\"font-weight: 400;\" aria-level=\"1\"><span style=\"font-weight: 400;\">Permite a las organizaciones cumplir con los requisitos reglamentarios de seguridad ocupacional.\u00a0<\/span><\/li>\n<li style=\"font-weight: 400;\" aria-level=\"1\"><span style=\"font-weight: 400;\">Mejora la eficiencia y productividad de su personal de trabajo.\u00a0\u00a0<\/span><\/li>\n<\/ul>\n<h2><b>\u00bfC\u00f3mo se clasifican los equipos de protecci\u00f3n personal?\u00a0<\/b><\/h2>\n<p><span style=\"font-weight: 400;\">Los accidentes ocupacionales son impredecibles. Por ello, las empresas deben estar preparadas para minimizar sus consecuencias y evitar lesiones severas en sus trabajadores.<\/span><\/p>\n<p><span style=\"font-weight: 400;\">Entre los equipos de protecci\u00f3n personal m\u00e1s importantes se encuentran:\u00a0<\/span><\/p>\n<ul>\n<li>\n<h3><b>Protecci\u00f3n de la cabeza\u00a0\u00a0<\/b><\/h3>\n<\/li>\n<\/ul>\n<p><span style=\"font-weight: 400;\">En esta clasificaci\u00f3n, se encuentran los cascos, sombreros y gorros. Los primeros protegen la cabeza de cualquier golpe, choque el\u00e9ctrico o quemaduras. Para su correcto desempe\u00f1o, debe ajustarse a la cabeza de tal manera que no se caiga durante las actividades del colaborador.\u00a0\u00a0<\/span><\/p>\n<ul>\n<li>\n<h3><b>Protecci\u00f3n de los ojos\u00a0<\/b><\/h3>\n<\/li>\n<\/ul>\n<p><span style=\"font-weight: 400;\">Aqu\u00ed se ubican los lentes de seguridad y los protectores faciales. El primero protege los ojos de los g\u00e9rmenes y part\u00edculas que se encuentran suspendidas en el aire y de las salpicaduras de sustancias qu\u00edmicas. Mientras que los segundos ofrecen una protecci\u00f3n m\u00e1s completa, pues no solo se limitan a mantener segura la vista, sino tambi\u00e9n al resto del rostro.<\/span><\/p>\n<ul>\n<li>\n<h3><b>Protecci\u00f3n respiratoria\u00a0\u00a0\u00a0<\/b><\/h3>\n<\/li>\n<\/ul>\n<p><span style=\"font-weight: 400;\">Las mascarillas y respiradores forman parte de esta clasificaci\u00f3n. Son elementos que cuentan con un filtro de protecci\u00f3n que evita que los portadores inhalen aire contaminado. En tiempos de pandemia, se han convertido en los implementos de seguridad m\u00e1s usados por los trabajadores y ciudadanos de a pie.\u00a0<\/span><\/p>\n<ul>\n<li>\n<h3><b>Protecci\u00f3n manual\u00a0<\/b><\/h3>\n<\/li>\n<\/ul>\n<p><span style=\"font-weight: 400;\">En este grupo se encuentran los guantes, que pueden ser de polietileno, vinilo, nitrilo y l\u00e1tex, y las mangas. Sin embargo, la elecci\u00f3n del <\/span><b>equipo de protecci\u00f3n personal<\/b><span style=\"font-weight: 400;\"> depender\u00e1 del tipo de trabajo que realizar\u00e1 el colaborador. Por ejemplo, para los trabajos en laboratorio, los guantes de l\u00e1tex son la mejor opci\u00f3n.\u00a0<\/span><\/p>\n<ul>\n<li>\n<h3><b>Protecci\u00f3n corporal\u00a0<\/b><\/h3>\n<\/li>\n<\/ul>\n<p><span style=\"font-weight: 400;\">En esta clasificaci\u00f3n, se hallan los trajes de protecci\u00f3n, los chalecos, los mandiles y los mamelucos. Estos elementos ayudan a proteger al tronco y a las extremidades de temperaturas extremas, chispas, sustancias qu\u00edmicas t\u00f3xicas, radiaci\u00f3n, entre otros.\u00a0\u00a0<\/span><\/p>\n<ul>\n<li>\n<h3><b>Protecci\u00f3n de los pies\u00a0<\/b><\/h3>\n<\/li>\n<\/ul>\n<p><span style=\"font-weight: 400;\">Incluye las botas de seguridad y rodilleras. Son utilizadas en actividades que puedan ocasionar lesiones severas en los pies por ca\u00eddas de objetos, salpicaduras de sustancias t\u00f3xicas o por transitar por superficies resbaladizas.\u00a0<\/span><\/p>\n<ul>\n<li>\n<h3><b>Protecci\u00f3n auditiva\u00a0<\/b><\/h3>\n<\/li>\n<\/ul>\n<p><span style=\"font-weight: 400;\">En esta \u00faltima clasificaci\u00f3n, se encuentran las orejeras, los cascos y los tapones. Se utilizan para realizar tareas que puedan causar problemas auditivos o la p\u00e9rdida total del sentido.<\/span><\/p>\n<p>&nbsp;<\/p>\n<h2><b>\u00bfC\u00f3mo elegir el equipo de protecci\u00f3n personal adecuado para los colaboradores?<\/b><\/h2>\n<p><span style=\"font-weight: 400;\">El <\/span><b>equipo de protecci\u00f3n personal<\/b><span style=\"font-weight: 400;\"> debe utilizarse como \u201c\u00faltimo recurso\u201d;\u00a0 es decir, cuando ya no exista la posibilidad de eliminar o minimizar los peligros que conlleva una labor.\u00a0\u00a0<\/span><\/p>\n<p><span style=\"font-weight: 400;\">Pero, \u00bfc\u00f3mo elegir el EPP adecuado para el equipo de trabajo? \u00bfQu\u00e9 aspectos se deben tomar en cuenta?\u00a0<\/span><\/p>\n<ul>\n<li>\n<h3><b>Analizando y evaluando los riesgos potenciales\u00a0<\/b><\/h3>\n<\/li>\n<\/ul>\n<p><span style=\"font-weight: 400;\">El primer paso es evaluar los riesgos potenciales a los que est\u00e1n expuestos los empleados en su lugar de trabajo. Estos pueden tratarse de riesgos mec\u00e1nicos (ca\u00edda de objetos, exposici\u00f3n a objetos punzo cortantes, etc.), t\u00e9rmicos (laborar en \u00e1reas fr\u00edas o calientes), qu\u00edmicos (l\u00edquidos o polvos t\u00f3xicos), el\u00e9ctricos (descargas el\u00e9ctricas), biol\u00f3gicos (TBC, COVID-19, t\u00e9tano, etc.), entre otros.\u00a0<\/span><\/p>\n<ul>\n<li>\n<h3><b>Elaborando un listado con las caracter\u00edsticas que debe tener el equipo de protecci\u00f3n personal\u00a0<\/b><\/h3>\n<\/li>\n<\/ul>\n<p><span style=\"font-weight: 400;\">Tras evaluar los riesgos potenciales, las organizaciones deben realizar un listado con los implementos que necesitan los colaboradores para realizar su labor. Tambi\u00e9n es importante que valoren los factores de riesgo que pueden desencadenar el uso del <\/span><b>equipo de protecci\u00f3n personal<\/b><span style=\"font-weight: 400;\">.\u00a0 Con esta informaci\u00f3n, estar\u00e1n listas para seleccionar el EPP adecuado para proteger a su personal.<\/span><\/p>\n<ul>\n<li>\n<h3><b>Ajuste y talla del equipo de protecci\u00f3n personal\u00a0<\/b><\/h3>\n<\/li>\n<\/ul>\n<p><span style=\"font-weight: 400;\">Dos aspectos importantes al momento de elegir el <\/span><b>equipo de protecci\u00f3n personal<\/b><span style=\"font-weight: 400;\"> son la talla y el ajuste. Estos permitir\u00e1n que el colaborador est\u00e9 completamente protegido ante cualquier incidencia.\u00a0<\/span><\/p>\n<p><span style=\"font-weight: 400;\">Sin embargo, tambi\u00e9n es importante el peso. Por ello, en caso de que el trabajador utilice m\u00e1s de un elemento de protecci\u00f3n, las empresas deben asegurarse que estos puedan emplearse juntos.\u00a0 Por ejemplo, usar anteojos de seguridad al mismo tiempo que un respirador podr\u00eda alterar el sello de este \u00faltimo y causar fugas de aire.\u00a0<\/span><\/p>\n<ul>\n<li>\n<h3><b>Caracter\u00edsticas toxicol\u00f3gicas del producto\u00a0<\/b><\/h3>\n<\/li>\n<\/ul>\n<p><span style=\"font-weight: 400;\">Conocer la materia prima con la que ha sido elaborado el EPP permite tomar medidas de prevenci\u00f3n adecuadas. Pero eso no es todo. El <\/span><b>equipo de protecci\u00f3n personal<\/b><span style=\"font-weight: 400;\"> tambi\u00e9n debe almacenarse y cuidarse adecuadamente -cuando no se utilice- en un ambiente seco y limpio. Asimismo, se debe revisar peri\u00f3dicamente si est\u00e1 en buenas. De no ser as\u00ed, se cambia.\u00a0\u00a0<\/span><\/p>\n<h2><b>\u00bfCu\u00e1les son los implementos de protecci\u00f3n personal m\u00e1s utilizados en la pandemia?\u00a0<\/b><\/h2>\n<p><span style=\"font-weight: 400;\">El <\/span><b>equipo de protecci\u00f3n personal<\/b><span style=\"font-weight: 400;\"> se ha convertido en algo com\u00fan para todas las personas del mundo.\u00a0 Y es que su uso ha sido clave para prevenir la propagaci\u00f3n de la COVID-19.\u00a0<\/span><\/p>\n<p><span style=\"font-weight: 400;\">En ese sentido, \u00bfcu\u00e1les son los implementos de protecci\u00f3n personal m\u00e1s empleados durante la pandemia? Entre ellos, se encuentran:\u00a0<\/span><\/p>\n<ul>\n<li>\n<h3><b>Mascarillas quir\u00fargicas\u00a0<\/b><\/h3>\n<\/li>\n<\/ul>\n<p><span style=\"font-weight: 400;\">Las mascarillas quir\u00fargicas son los elementos de seguridad m\u00e1s utilizados en la pandemia. Son desechables, tienen el perfecto ajuste que sirve para proteger a sus portadores del contacto con gotas y salpicaduras que se encuentran en el ambiente. De hecho, seg\u00fan el <\/span><a href=\"https:\/\/web.ins.gob.pe\/es\/prensa\/noticia\/ins-usar-doble-mascarilla-incrementa-en-78-el-nivel-de-proteccion-frente-la-covid-19\" target=\"_blank\" rel=\"noopener\"><span style=\"font-weight: 400;\">Instituto Nacional de Salud<\/span><\/a><span style=\"font-weight: 400;\"> (INS), el uso de dos mascarillas incrementa en un 78 % el nivel de protecci\u00f3n frente a la COVID-19.\u00a0<\/span><\/p>\n<ul>\n<li>\n<h3><b>Respirador KN95<\/b><\/h3>\n<\/li>\n<\/ul>\n<p><span style=\"font-weight: 400;\">Es un tipo de respirador. Brinda una mayor protecci\u00f3n que las mascarillas quir\u00fargicas, pues filtra las part\u00edculas grandes y peque\u00f1as mientras el portador inhala. Adem\u00e1s, su dise\u00f1o tipo C permite un mejor ajuste, comodidad y facilidad para respirar. Al igual que las mascarillas quir\u00fargicas, tambi\u00e9n son desechables.\u00a0<\/span><\/p>\n<ul>\n<li>\n<h3><b>Protector facial\u00a0<\/b><\/h3>\n<\/li>\n<\/ul>\n<p><span style=\"font-weight: 400;\">El protector facial ha sido uno de los elementos m\u00e1s empleados durante los primeros meses de la pandemia. Y aunque su uso ha quedado relegado, es un elemento indispensable para los m\u00e9dicos, enfermeras y personal que trabaja en los centros m\u00e9dicos, pues los protege de virus y bacterias que pueden presentarse en dichos lugares.<\/span><\/p>\n<ul>\n<li>\n<h3><b>Traje de protecci\u00f3n personal tipo mameluco<\/b><\/h3>\n<\/li>\n<\/ul>\n<p><span style=\"font-weight: 400;\">El traje de protecci\u00f3n es una prenda que escuda el tronco, los brazos y las piernas de aquellas personas que se encuentran expuestas a un peligro. Durante la pandemia, muchos ciudadanos lo utilizaban para hacer sus compras y realizar diligencias de manera segura.\u00a0\u00a0<\/span><\/p>\n<ul>\n<li>\n<h3><b>Guantes<\/b><\/h3>\n<\/li>\n<\/ul>\n<p><span style=\"font-weight: 400;\">En el contexto pand\u00e9mico, los guantes fueron usados por las personas como una barrera protectora frente a la COVID-19.\u00a0 Pero, adem\u00e1s, permitieron que muchas empresas, sobre todo las del sector gastron\u00f3mico, demuestren que estaban cumpliendo con los nuevos est\u00e1ndares de bioseguridad surgidos durante los \u00faltimos a\u00f1os. Adem\u00e1s, ayud\u00f3 a los m\u00e9dicos y enfermeras a mantenerse protegidos frente a los virus y otras enfermedades.\u00a0\u00a0\u00a0<\/span><\/p>\n<h2><b>R&amp;G: la mejor alternativa para adquirir equipos de protecci\u00f3n personal<\/b><\/h2>\n<p><span style=\"font-weight: 400;\">Somos <a href=\"https:\/\/rygsac.com\/en\/\" target=\"_blank\" rel=\"noopener\">R&amp;G<\/a>, una empresa peruana especializada en la elaboraci\u00f3n y fabricaci\u00f3n de <\/span><b>equipos de\u00a0 protecci\u00f3n<\/b> <b>personal<\/b><span style=\"font-weight: 400;\"> para los sectores alimentarios, hospitalarios e industriales. Nuestros productos integran innovaci\u00f3n y tecnolog\u00eda, respetando y velando por el cuidado del medioambiente.\u00a0<\/span><\/p>\n<p><span style=\"font-weight: 400;\">Los productos de R&amp;G cuentan con la tecnolog\u00eda <\/span><b>D2W<\/b><span style=\"font-weight: 400;\"> que facilita la producci\u00f3n de art\u00edculos pl\u00e1sticos biodegradables, d\u00e1ndole una vida \u00fatil controlada de hasta 4 a\u00f1os.\u00a0<\/span><\/p>\n<p><span style=\"font-weight: 400;\">Encuentra nuestros productos en farmacias, boticas y centros comerciales m\u00e1s importantes del pa\u00eds.\u00a0\u00a0<\/span><\/p>\n","protected":false},"excerpt":{"rendered":"<p>El equipo de protecci\u00f3n personal permite que los colaboradores se encuentren resguardados ante diversos peligros. \u00bfCu\u00e1les son los m\u00e1s importantes? Los infortunios se han convertido en un serio problema para las organizaciones. Seg\u00fan el Ministerio de Trabajo y Promoci\u00f3n del Empleo (MTPE), hasta octubre de 2021 se han registrado 22 441 notificaciones de accidentes de [&#8230;]\n","protected":false},"author":1,"featured_media":3831,"comment_status":"open","ping_status":"open","sticky":false,"template":"","format":"standard","meta":{"footnotes":""},"categories":[351],"tags":[345,347],"_links":{"self":[{"href":"https:\/\/rygsac.com\/en\/wp-json\/wp\/v2\/posts\/3793"}],"collection":[{"href":"https:\/\/rygsac.com\/en\/wp-json\/wp\/v2\/posts"}],"about":[{"href":"https:\/\/rygsac.com\/en\/wp-json\/wp\/v2\/types\/post"}],"author":[{"embeddable":true,"href":"https:\/\/rygsac.com\/en\/wp-json\/wp\/v2\/users\/1"}],"replies":[{"embeddable":true,"href":"https:\/\/rygsac.com\/en\/wp-json\/wp\/v2\/comments?post=3793"}],"version-history":[{"count":5,"href":"https:\/\/rygsac.com\/en\/wp-json\/wp\/v2\/posts\/3793\/revisions"}],"predecessor-version":[{"id":3866,"href":"https:\/\/rygsac.com\/en\/wp-json\/wp\/v2\/posts\/3793\/revisions\/3866"}],"wp:featuredmedia":[{"embeddable":true,"href":"https:\/\/rygsac.com\/en\/wp-json\/wp\/v2\/media\/3831"}],"wp:attachment":[{"href":"https:\/\/rygsac.com\/en\/wp-json\/wp\/v2\/media?parent=3793"}],"wp:term":[{"taxonomy":"category","embeddable":true,"href":"https:\/\/rygsac.com\/en\/wp-json\/wp\/v2\/categories?post=3793"},{"taxonomy":"post_tag","embeddable":true,"href":"https:\/\/rygsac.com\/en\/wp-json\/wp\/v2\/tags?post=3793"}],"curies":[{"name":"wp","href":"https:\/\/api.w.org\/{rel}","templated":true}]}}